{"id":271,"date":"2023-09-02T10:00:53","date_gmt":"2023-09-02T08:00:53","guid":{"rendered":"https:\/\/caravanlifetenerife.com\/?p=271"},"modified":"2023-09-06T13:47:15","modified_gmt":"2023-09-06T11:47:15","slug":"explora-a-fondo-el-parque-nacional-del-teide-en-tu-furgoneta-camperizada","status":"publish","type":"post","link":"https:\/\/caravanlifetenerife.com\/fr\/explorer-le-parc-national-de-teide-en-voyant-votre-camper-van\/","title":{"rendered":"Explorez le parc national du Teide en profondeur dans votre camping-car"},"content":{"rendered":"<div data-elementor-type=\"wp-post\" data-elementor-id=\"271\" class=\"elementor elementor-271\" data-elementor-post-type=\"post\">\n\t\t\t\t\t\t<section class=\"elementor-section elementor-top-section elementor-element elementor-element-c364451 elementor-section-boxed elementor-section-height-default elementor-section-height-default\" data-id=\"c364451\" data-element_type=\"section\" data-e-type=\"section\">\n\t\t\t\t\t\t<div class=\"elementor-container elementor-column-gap-default\">\n\t\t\t\t\t<div class=\"elementor-column elementor-col-100 elementor-top-column elementor-element elementor-element-0689aab\" data-id=\"0689aab\" data-element_type=\"column\" data-e-type=\"column\">\n\t\t\t<div class=\"elementor-widget-wrap elementor-element-populated\">\n\t\t\t\t\t\t<div class=\"elementor-element elementor-element-e09f770 elementor-widget elementor-widget-image\" data-id=\"e09f770\" data-element_type=\"widget\" data-e-type=\"widget\" data-widget_type=\"image.default\">\n\t\t\t\t<div class=\"elementor-widget-container\">\n\t\t\t\t\t\t\t\t\t\t\t\t<figure class=\"wp-caption\">\n\t\t\t\t\t\t\t\t\t\t<img fetchpriority=\"high\" decoding=\"async\" width=\"800\" height=\"387\" src=\"https:\/\/caravanlifetenerife.com\/wp-content\/uploads\/2023\/09\/parque-nacional-del-teide-en-caravana-1024x495.jpg\" class=\"attachment-large size-large wp-image-273\" alt=\"Parc national du Teide en caravane\" srcset=\"https:\/\/caravanlifetenerife.com\/wp-content\/uploads\/2023\/09\/parque-nacional-del-teide-en-caravana-1024x495.jpg 1024w, https:\/\/caravanlifetenerife.com\/wp-content\/uploads\/2023\/09\/parque-nacional-del-teide-en-caravana-600x290.jpg 600w, https:\/\/caravanlifetenerife.com\/wp-content\/uploads\/2023\/09\/parque-nacional-del-teide-en-caravana-300x145.jpg 300w, https:\/\/caravanlifetenerife.com\/wp-content\/uploads\/2023\/09\/parque-nacional-del-teide-en-caravana-768x372.jpg 768w, https:\/\/caravanlifetenerife.com\/wp-content\/uploads\/2023\/09\/parque-nacional-del-teide-en-caravana.jpg 1240w\" sizes=\"(max-width: 800px) 100vw, 800px\" \/>\t\t\t\t\t\t\t\t\t\t\t<figcaption class=\"widget-image-caption wp-caption-text\"><\/figcaption>\n\t\t\t\t\t\t\t\t\t\t<\/figure>\n\t\t\t\t\t\t\t\t\t<\/div>\n\t\t\t\t<\/div>\n\t\t\t\t<div class=\"elementor-element elementor-element-ff19a7c elementor-widget elementor-widget-text-editor\" data-id=\"ff19a7c\" data-element_type=\"widget\" data-e-type=\"widget\" data-widget_type=\"text-editor.default\">\n\t\t\t\t<div class=\"elementor-widget-container\">\n\t\t\t\t\t\t\t\t\t<p>Les <b>Parc national du Teide<\/b> est un environnement naturel que vous ne pouvez pas manquer si vous visitez T\u00e9n\u00e9rife en camping-car. Traverser ses divers environnements volcaniques et passer la nuit dans ce paysage impressionnant sera une aventure inoubliable.<\/p><p>Pour y acc\u00e9der, empruntez la route TF-21 jusqu'\u00e0 ce que vous aperceviez la silhouette majestueuse du Pico del Teide et ses 3 718 m\u00e8tres d'altitude. Une fois \u00e0 l'int\u00e9rieur du parc, deux options s'offrent \u00e0 vous pour garer votre camping-car : l'aire de la Monta\u00f1a Blanca, \u00e0 2 300 m\u00e8tres, ou El Portillo, \u00e0 2 150 m\u00e8tres.<\/p><p>Le camping de la Monta\u00f1a Blanca vous permet d'emprunter la spectaculaire route qui m\u00e8ne au Pico del Teide, le point culminant de l'Espagne. Le chemin traverse un paysage lunaire unique et, lorsque vous atteignez le sommet, les vues panoramiques sur l'\u00eele sont \u00e0 couper le souffle. Retournez \u00e0 votre camping-car pour vous reposer tranquillement apr\u00e8s la randonn\u00e9e.<\/p><p>Si vous pr\u00e9f\u00e9rez rester \u00e0 El Portillo, vous pouvez facilement acc\u00e9der aux sentiers de Los Roques de Garc\u00eda ou au Mirador del Pico Viejo. Imaginez que vous vous r\u00e9veillez chaque matin entour\u00e9 de pics de lave saisissants et de formations g\u00e9ologiques color\u00e9es.<\/p><p>Quel que soit votre camp de base, pr\u00e9parez-vous \u00e0 explorer les diff\u00e9rents environnements du parc. Ne manquez pas de visiter des lieux uniques tels que l'imposant Roque Cinchado ou la surprenante arche naturelle de La Grieta. Traversez-les \u00e0 pied pour en appr\u00e9cier tous les d\u00e9tails.<\/p><p>Prenez le t\u00e9l\u00e9ph\u00e9rique pour profiter d'une vue a\u00e9rienne du parc national. Depuis la station sup\u00e9rieure, \u00e0 3 550 m\u00e8tres d'altitude, vous aurez une vue spectaculaire sur le Teide et les \u00eeles environnantes.<\/p><p>Au coucher du soleil, sortez votre t\u00e9lescope et pr\u00e9parez-vous \u00e0 observer les \u00e9toiles depuis ce site certifi\u00e9. <i>Destination lumi\u00e8re <\/i>pour ses excellentes conditions. Ce sera une soir\u00e9e magique.<\/p><p>En bref, <b>visiter le parc national du Teide en camping-car<\/b> vous permettra d'explorer pleinement tous ses coins et recoins, ses sentiers et ses paysages uniques, tout en b\u00e9n\u00e9ficiant d'une libert\u00e9 et d'un confort totaux. N'h\u00e9sitez pas \u00e0 ajouter cette aventure volcanique \u00e0 votre prochain voyage en camping-car \u00e0 Tenerife.<\/p>\t\t\t\t\t\t\t\t<\/div>\n\t\t\t\t<\/div>\n\t\t\t\t\t<\/div>\n\t\t<\/div>\n\t\t\t\t\t<\/div>\n\t\t<\/section>\n\t\t\t\t<section class=\"elementor-section elementor-top-section elementor-element elementor-element-674bec6 elementor-section-boxed elementor-section-height-default elementor-section-height-default\" data-id=\"674bec6\" data-element_type=\"section\" data-e-type=\"section\">\n\t\t\t\t\t\t<div class=\"elementor-container elementor-column-gap-default\">\n\t\t\t\t\t<div class=\"elementor-column elementor-col-33 elementor-top-column elementor-element elementor-element-0e285ba\" data-id=\"0e285ba\" data-element_type=\"column\" data-e-type=\"column\">\n\t\t\t<div class=\"elementor-widget-wrap elementor-element-populated\">\n\t\t\t\t\t\t<div class=\"elementor-element elementor-element-30ed97d elementor-widget elementor-widget-image\" data-id=\"30ed97d\" data-element_type=\"widget\" data-e-type=\"widget\" data-widget_type=\"image.default\">\n\t\t\t\t<div class=\"elementor-widget-container\">\n\t\t\t\t\t\t\t\t\t\t\t\t\t\t\t<img decoding=\"async\" width=\"500\" height=\"1023\" src=\"https:\/\/caravanlifetenerife.com\/wp-content\/uploads\/2023\/08\/condiciones.jpg\" class=\"attachment-large size-large wp-image-244\" alt=\"Location de caravane \u00e0 Tenerife\" srcset=\"https:\/\/caravanlifetenerife.com\/wp-content\/uploads\/2023\/08\/condiciones.jpg 500w, https:\/\/caravanlifetenerife.com\/wp-content\/uploads\/2023\/08\/condiciones-147x300.jpg 147w\" sizes=\"(max-width: 500px) 100vw, 500px\" \/>\t\t\t\t\t\t\t\t\t\t\t\t\t\t\t<\/div>\n\t\t\t\t<\/div>\n\t\t\t\t\t<\/div>\n\t\t<\/div>\n\t\t\t\t<div class=\"elementor-column elementor-col-66 elementor-top-column elementor-element elementor-element-0ba7f7a\" data-id=\"0ba7f7a\" data-element_type=\"column\" data-e-type=\"column\">\n\t\t\t<div class=\"elementor-widget-wrap elementor-element-populated\">\n\t\t\t\t\t\t<div class=\"elementor-element elementor-element-28fdcd0 elementor-widget elementor-widget-text-editor\" data-id=\"28fdcd0\" data-element_type=\"widget\" data-e-type=\"widget\" data-widget_type=\"text-editor.default\">\n\t\t\t\t<div class=\"elementor-widget-container\">\n\t\t\t\t\t\t\t\t\t<h4 class=\"whitespace-pre-wrap\">Conseils g\u00e9n\u00e9raux :<\/h4><p>La plupart des sites disposent d'emplacements pour passer la nuit et certains d'entre eux pour camper, mais il est toujours conseill\u00e9 de v\u00e9rifier si vous avez besoin de r\u00e9server \u00e0 l'avance.<\/p><p>Si vous ne vous \u00e9tendez pas (ouvrez l'auvent, ouvrez les fen\u00eatres jusqu'en haut, faites \u00e0 manger \u00e0 l'ext\u00e9rieur, etc.), vous pouvez dormir n'importe o\u00f9, car vous n'\u00eates pas consid\u00e9r\u00e9 comme campeur :<\/p><p>- <b>Aires de camping officielles :<\/b> Tenerife dispose d'aires de camping am\u00e9nag\u00e9es et conditionn\u00e9es pour les camping-cars et les campeurs. Certaines d'entre elles comprennent des services tels que des toilettes, des douches et des points d'eau. Vous souhaitez savoir lesquelles ?<\/p><p>- Aire r\u00e9cr\u00e9ative de la Monta\u00f1a Blanca (pr\u00e8s du parc national du Teide).<br \/>- Aire de camping de Tamadaba (au nord de l'\u00eele).<br \/>- Aire de camping de Ch\u00edo (zone ouest).<\/p><p>-<b>Aires de s\u00e9jour pour camping-cars :<\/b> Certaines municipalit\u00e9s ont am\u00e9nag\u00e9 des aires sp\u00e9cifiques pour la nuit des camping-cars et des caravanes. Ces aires peuvent \u00eatre dot\u00e9es de services de base et de r\u00e8gles de stationnement.<\/p><p>- Zone d'\u00e9tape de Gu\u00eda de Isora (sud-ouest).<br \/>- Aire de camping-car de La Laguna (pr\u00e8s de Santa Cruz).<\/p><p>-<b>Plages et aires de stationnement :<\/b> Sur certaines plages et aires de stationnement, vous \u00eates autoris\u00e9 \u00e0 stationner et \u00e0 passer la nuit avec un camping-car. Veillez \u00e0 v\u00e9rifier les r\u00e9glementations locales et \u00e0 respecter l'environnement.<\/p><p>- Plage d'El M\u00e9dano (sud).<br \/>- Plage de Las Gaviotas (nord).<\/p><p>-<b>Zones rurales et naturelles :<\/b> Dans certaines zones rurales et naturelles, il est possible de trouver des endroits o\u00f9 le camping est autoris\u00e9 \u00e0 condition de suivre les r\u00e8gles et de respecter l'environnement.<\/p><p>- Zones rurales d'Anaga (nord-est).<br \/>- Zones situ\u00e9es \u00e0 proximit\u00e9 de sentiers et de chemins de randonn\u00e9e.<\/p><p>N'oubliez pas qu'il est essentiel de respecter les r\u00e9glementations locales et d'\u00eatre un voyageur responsable. \u00c9vitez de camper dans des sites non autoris\u00e9s et respectez l'environnement naturel et les communaut\u00e9s locales. V\u00e9rifiez toujours les informations les plus r\u00e9centes avant votre voyage et pensez \u00e0 consulter des sources fiables sur le tourisme et les camping-cars \u00e0 T\u00e9n\u00e9rife pour obtenir les derni\u00e8res recommandations sur les endroits o\u00f9 dormir avec votre camping-car.<\/p><p>\u00a0<\/p>\t\t\t\t\t\t\t\t<\/div>\n\t\t\t\t<\/div>\n\t\t\t\t\t<\/div>\n\t\t<\/div>\n\t\t\t\t\t<\/div>\n\t\t<\/section>\n\t\t\t\t<section class=\"elementor-section elementor-top-section elementor-element elementor-element-55ad4eb elementor-section-boxed elementor-section-height-default elementor-section-height-default\" data-id=\"55ad4eb\" data-element_type=\"section\" data-e-type=\"section\">\n\t\t\t\t\t\t<div class=\"elementor-container elementor-column-gap-default\">\n\t\t\t\t\t<div class=\"elementor-column elementor-col-100 elementor-top-column elementor-element elementor-element-e836610\" data-id=\"e836610\" data-element_type=\"column\" data-e-type=\"column\">\n\t\t\t<div class=\"elementor-widget-wrap elementor-element-populated\">\n\t\t\t\t\t\t<div class=\"elementor-element elementor-element-c32709c elementor-widget elementor-widget-text-editor\" data-id=\"c32709c\" data-element_type=\"widget\" data-e-type=\"widget\" data-widget_type=\"text-editor.default\">\n\t\t\t\t<div class=\"elementor-widget-container\">\n\t\t\t\t\t\t\t\t\t<p style=\"text-align: right;\"><i>Photo wikipedia, creative commons<\/i><\/p>\t\t\t\t\t\t\t\t<\/div>\n\t\t\t\t<\/div>\n\t\t\t\t\t<\/div>\n\t\t<\/div>\n\t\t\t\t\t<\/div>\n\t\t<\/section>\n\t\t\t\t<\/div>","protected":false},"excerpt":{"rendered":"<p>El Parque Nacional del Teide es un entorno natural que no te puedes perder si visitas Tenerife en\u00a0furgoneta camperizada. Recorrer sus diversos ambientes volc\u00e1nicos y pernoctar en este impresionante paisaje ser\u00e1 toda una aventura inolvidable. Para llegar, dir\u00edgete por la carretera TF-21 hasta visualizar la majestuosa silueta del Pico del Teide y su altitud de [&hellip;]<\/p>\n","protected":false},"author":1,"featured_media":273,"comment_status":"open","ping_status":"open","sticky":false,"template":"","format":"standard","meta":{"footnotes":""},"categories":[10],"tags":[],"class_list":["post-271","post","type-post","status-publish","format-standard","has-post-thumbnail","hentry","category-guia-turistica-de-tenerife-para-viajar-en-furgoneta-camperizada"],"yoast_head":"<!-- This site is optimized with the Yoast SEO plugin v27.5 - https:\/\/yoast.com\/product\/yoast-seo-wordpress\/ -->\n<title>Explora a fondo el Parque Nacional del Teide en tu furgoneta camperizada<\/title>\n<meta name=\"robots\" content=\"index, follow, max-snippet:-1, max-image-preview:large, max-video-preview:-1\" \/>\n<link rel=\"canonical\" href=\"https:\/\/caravanlifetenerife.com\/fr\/explorer-le-parc-national-de-teide-en-voyant-votre-camper-van\/\" \/>\n<meta property=\"og:locale\" content=\"fr_FR\" \/>\n<meta property=\"og:type\" content=\"article\" \/>\n<meta property=\"og:title\" content=\"Explora a fondo el Parque Nacional del Teide en tu furgoneta camperizada\" \/>\n<meta property=\"og:description\" content=\"El Parque Nacional del Teide es un entorno natural que no te puedes perder si visitas Tenerife en\u00a0furgoneta camperizada. Recorrer sus diversos ambientes volc\u00e1nicos y pernoctar en este impresionante paisaje ser\u00e1 toda una aventura inolvidable. Para llegar, dir\u00edgete por la carretera TF-21 hasta visualizar la majestuosa silueta del Pico del Teide y su altitud de [&hellip;]\" \/>\n<meta property=\"og:url\" content=\"https:\/\/caravanlifetenerife.com\/fr\/explorer-le-parc-national-de-teide-en-voyant-votre-camper-van\/\" \/>\n<meta property=\"og:site_name\" content=\"Caravanlife, rental caravan in Tenerife\" \/>\n<meta property=\"article:published_time\" content=\"2023-09-02T08:00:53+00:00\" \/>\n<meta property=\"article:modified_time\" content=\"2023-09-06T11:47:15+00:00\" \/>\n<meta property=\"og:image\" content=\"https:\/\/caravanlifetenerife.com\/wp-content\/uploads\/2023\/09\/parque-nacional-del-teide-en-caravana.jpg\" \/>\n\t<meta property=\"og:image:width\" content=\"1240\" \/>\n\t<meta property=\"og:image:height\" content=\"600\" \/>\n\t<meta property=\"og:image:type\" content=\"image\/jpeg\" \/>\n<meta name=\"author\" content=\"Caravanlife\" \/>\n<meta name=\"twitter:card\" content=\"summary_large_image\" \/>\n<meta name=\"twitter:label1\" content=\"\u00c9crit par\" \/>\n\t<meta name=\"twitter:data1\" content=\"Caravanlife\" \/>\n\t<meta name=\"twitter:label2\" content=\"Dur\u00e9e de lecture estim\u00e9e\" \/>\n\t<meta name=\"twitter:data2\" content=\"4 minutes\" \/>\n<script type=\"application\/ld+json\" class=\"yoast-schema-graph\">{\"@context\":\"https:\\\/\\\/schema.org\",\"@graph\":[{\"@type\":\"Article\",\"@id\":\"https:\\\/\\\/caravanlifetenerife.com\\\/explora-a-fondo-el-parque-nacional-del-teide-en-tu-furgoneta-camperizada\\\/#article\",\"isPartOf\":{\"@id\":\"https:\\\/\\\/caravanlifetenerife.com\\\/explora-a-fondo-el-parque-nacional-del-teide-en-tu-furgoneta-camperizada\\\/\"},\"author\":{\"name\":\"Caravanlife\",\"@id\":\"https:\\\/\\\/caravanlifetenerife.com\\\/#\\\/schema\\\/person\\\/a771135ddfbd2b90754dacfb0600364c\"},\"headline\":\"Explora a fondo el Parque Nacional del Teide en tu furgoneta camperizada\",\"datePublished\":\"2023-09-02T08:00:53+00:00\",\"dateModified\":\"2023-09-06T11:47:15+00:00\",\"mainEntityOfPage\":{\"@id\":\"https:\\\/\\\/caravanlifetenerife.com\\\/explora-a-fondo-el-parque-nacional-del-teide-en-tu-furgoneta-camperizada\\\/\"},\"wordCount\":718,\"commentCount\":0,\"publisher\":{\"@id\":\"https:\\\/\\\/caravanlifetenerife.com\\\/#\\\/schema\\\/person\\\/a771135ddfbd2b90754dacfb0600364c\"},\"image\":{\"@id\":\"https:\\\/\\\/caravanlifetenerife.com\\\/explora-a-fondo-el-parque-nacional-del-teide-en-tu-furgoneta-camperizada\\\/#primaryimage\"},\"thumbnailUrl\":\"https:\\\/\\\/caravanlifetenerife.com\\\/wp-content\\\/uploads\\\/2023\\\/09\\\/parque-nacional-del-teide-en-caravana.jpg\",\"articleSection\":[\"Gu\u00eda Tur\u00edstica de Tenerife para Viajar en Furgoneta Camperizada\"],\"inLanguage\":\"fr-FR\"},{\"@type\":\"WebPage\",\"@id\":\"https:\\\/\\\/caravanlifetenerife.com\\\/explora-a-fondo-el-parque-nacional-del-teide-en-tu-furgoneta-camperizada\\\/\",\"url\":\"https:\\\/\\\/caravanlifetenerife.com\\\/explora-a-fondo-el-parque-nacional-del-teide-en-tu-furgoneta-camperizada\\\/\",\"name\":\"Explora a fondo el Parque Nacional del Teide en tu furgoneta camperizada\",\"isPartOf\":{\"@id\":\"https:\\\/\\\/caravanlifetenerife.com\\\/#website\"},\"primaryImageOfPage\":{\"@id\":\"https:\\\/\\\/caravanlifetenerife.com\\\/explora-a-fondo-el-parque-nacional-del-teide-en-tu-furgoneta-camperizada\\\/#primaryimage\"},\"image\":{\"@id\":\"https:\\\/\\\/caravanlifetenerife.com\\\/explora-a-fondo-el-parque-nacional-del-teide-en-tu-furgoneta-camperizada\\\/#primaryimage\"},\"thumbnailUrl\":\"https:\\\/\\\/caravanlifetenerife.com\\\/wp-content\\\/uploads\\\/2023\\\/09\\\/parque-nacional-del-teide-en-caravana.jpg\",\"datePublished\":\"2023-09-02T08:00:53+00:00\",\"dateModified\":\"2023-09-06T11:47:15+00:00\",\"breadcrumb\":{\"@id\":\"https:\\\/\\\/caravanlifetenerife.com\\\/explora-a-fondo-el-parque-nacional-del-teide-en-tu-furgoneta-camperizada\\\/#breadcrumb\"},\"inLanguage\":\"fr-FR\",\"potentialAction\":[{\"@type\":\"ReadAction\",\"target\":[\"https:\\\/\\\/caravanlifetenerife.com\\\/explora-a-fondo-el-parque-nacional-del-teide-en-tu-furgoneta-camperizada\\\/\"]}]},{\"@type\":\"ImageObject\",\"inLanguage\":\"fr-FR\",\"@id\":\"https:\\\/\\\/caravanlifetenerife.com\\\/explora-a-fondo-el-parque-nacional-del-teide-en-tu-furgoneta-camperizada\\\/#primaryimage\",\"url\":\"https:\\\/\\\/caravanlifetenerife.com\\\/wp-content\\\/uploads\\\/2023\\\/09\\\/parque-nacional-del-teide-en-caravana.jpg\",\"contentUrl\":\"https:\\\/\\\/caravanlifetenerife.com\\\/wp-content\\\/uploads\\\/2023\\\/09\\\/parque-nacional-del-teide-en-caravana.jpg\",\"width\":1240,\"height\":600,\"caption\":\"Parque Nacional del Teide en caravana\"},{\"@type\":\"BreadcrumbList\",\"@id\":\"https:\\\/\\\/caravanlifetenerife.com\\\/explora-a-fondo-el-parque-nacional-del-teide-en-tu-furgoneta-camperizada\\\/#breadcrumb\",\"itemListElement\":[{\"@type\":\"ListItem\",\"position\":1,\"name\":\"Home\",\"item\":\"https:\\\/\\\/caravanlifetenerife.com\\\/\"},{\"@type\":\"ListItem\",\"position\":2,\"name\":\"Explora a fondo el Parque Nacional del Teide en tu furgoneta camperizada\"}]},{\"@type\":\"WebSite\",\"@id\":\"https:\\\/\\\/caravanlifetenerife.com\\\/#website\",\"url\":\"https:\\\/\\\/caravanlifetenerife.com\\\/\",\"name\":\"Caravanlife, rental caravan in Tenerife\",\"description\":\"Ofrecemos el servicio de alquiler de una furgoneta camper en la isla de Tenerife\",\"publisher\":{\"@id\":\"https:\\\/\\\/caravanlifetenerife.com\\\/#\\\/schema\\\/person\\\/a771135ddfbd2b90754dacfb0600364c\"},\"alternateName\":\"Caravanlife, alquiler de furgoneta camper en Tenerife\",\"potentialAction\":[{\"@type\":\"SearchAction\",\"target\":{\"@type\":\"EntryPoint\",\"urlTemplate\":\"https:\\\/\\\/caravanlifetenerife.com\\\/?s={search_term_string}\"},\"query-input\":{\"@type\":\"PropertyValueSpecification\",\"valueRequired\":true,\"valueName\":\"search_term_string\"}}],\"inLanguage\":\"fr-FR\"},{\"@type\":[\"Person\",\"Organization\"],\"@id\":\"https:\\\/\\\/caravanlifetenerife.com\\\/#\\\/schema\\\/person\\\/a771135ddfbd2b90754dacfb0600364c\",\"name\":\"Caravanlife\",\"image\":{\"@type\":\"ImageObject\",\"inLanguage\":\"fr-FR\",\"@id\":\"https:\\\/\\\/caravanlifetenerife.com\\\/wp-content\\\/uploads\\\/2023\\\/08\\\/logo-caravanlife-tenerife-ok.png\",\"url\":\"https:\\\/\\\/caravanlifetenerife.com\\\/wp-content\\\/uploads\\\/2023\\\/08\\\/logo-caravanlife-tenerife-ok.png\",\"contentUrl\":\"https:\\\/\\\/caravanlifetenerife.com\\\/wp-content\\\/uploads\\\/2023\\\/08\\\/logo-caravanlife-tenerife-ok.png\",\"width\":160,\"height\":160,\"caption\":\"Caravanlife\"},\"logo\":{\"@id\":\"https:\\\/\\\/caravanlifetenerife.com\\\/wp-content\\\/uploads\\\/2023\\\/08\\\/logo-caravanlife-tenerife-ok.png\"},\"sameAs\":[\"http:\\\/\\\/caravanlifetenerife.com\"],\"url\":\"https:\\\/\\\/caravanlifetenerife.com\\\/fr\\\/author\\\/caravanlife\\\/\"}]}<\/script>\n<!-- \/ Yoast SEO plugin. -->","yoast_head_json":{"title":"Explorez le parc national du Teide en profondeur dans votre camping-car","robots":{"index":"index","follow":"follow","max-snippet":"max-snippet:-1","max-image-preview":"max-image-preview:large","max-video-preview":"max-video-preview:-1"},"canonical":"https:\/\/caravanlifetenerife.com\/fr\/explorer-le-parc-national-de-teide-en-voyant-votre-camper-van\/","og_locale":"fr_FR","og_type":"article","og_title":"Explora a fondo el Parque Nacional del Teide en tu furgoneta camperizada","og_description":"El Parque Nacional del Teide es un entorno natural que no te puedes perder si visitas Tenerife en\u00a0furgoneta camperizada. Recorrer sus diversos ambientes volc\u00e1nicos y pernoctar en este impresionante paisaje ser\u00e1 toda una aventura inolvidable. Para llegar, dir\u00edgete por la carretera TF-21 hasta visualizar la majestuosa silueta del Pico del Teide y su altitud de [&hellip;]","og_url":"https:\/\/caravanlifetenerife.com\/fr\/explorer-le-parc-national-de-teide-en-voyant-votre-camper-van\/","og_site_name":"Caravanlife, rental caravan in Tenerife","article_published_time":"2023-09-02T08:00:53+00:00","article_modified_time":"2023-09-06T11:47:15+00:00","og_image":[{"width":1240,"height":600,"url":"https:\/\/caravanlifetenerife.com\/wp-content\/uploads\/2023\/09\/parque-nacional-del-teide-en-caravana.jpg","type":"image\/jpeg"}],"author":"Caravanlife","twitter_card":"summary_large_image","twitter_misc":{"\u00c9crit par":"Caravanlife","Dur\u00e9e de lecture estim\u00e9e":"4 minutes"},"schema":{"@context":"https:\/\/schema.org","@graph":[{"@type":"Article","@id":"https:\/\/caravanlifetenerife.com\/explora-a-fondo-el-parque-nacional-del-teide-en-tu-furgoneta-camperizada\/#article","isPartOf":{"@id":"https:\/\/caravanlifetenerife.com\/explora-a-fondo-el-parque-nacional-del-teide-en-tu-furgoneta-camperizada\/"},"author":{"name":"Caravanlife","@id":"https:\/\/caravanlifetenerife.com\/#\/schema\/person\/a771135ddfbd2b90754dacfb0600364c"},"headline":"Explora a fondo el Parque Nacional del Teide en tu furgoneta camperizada","datePublished":"2023-09-02T08:00:53+00:00","dateModified":"2023-09-06T11:47:15+00:00","mainEntityOfPage":{"@id":"https:\/\/caravanlifetenerife.com\/explora-a-fondo-el-parque-nacional-del-teide-en-tu-furgoneta-camperizada\/"},"wordCount":718,"commentCount":0,"publisher":{"@id":"https:\/\/caravanlifetenerife.com\/#\/schema\/person\/a771135ddfbd2b90754dacfb0600364c"},"image":{"@id":"https:\/\/caravanlifetenerife.com\/explora-a-fondo-el-parque-nacional-del-teide-en-tu-furgoneta-camperizada\/#primaryimage"},"thumbnailUrl":"https:\/\/caravanlifetenerife.com\/wp-content\/uploads\/2023\/09\/parque-nacional-del-teide-en-caravana.jpg","articleSection":["Gu\u00eda Tur\u00edstica de Tenerife para Viajar en Furgoneta Camperizada"],"inLanguage":"fr-FR"},{"@type":"WebPage","@id":"https:\/\/caravanlifetenerife.com\/explora-a-fondo-el-parque-nacional-del-teide-en-tu-furgoneta-camperizada\/","url":"https:\/\/caravanlifetenerife.com\/explora-a-fondo-el-parque-nacional-del-teide-en-tu-furgoneta-camperizada\/","name":"Explorez le parc national du Teide en profondeur dans votre camping-car","isPartOf":{"@id":"https:\/\/caravanlifetenerife.com\/#website"},"primaryImageOfPage":{"@id":"https:\/\/caravanlifetenerife.com\/explora-a-fondo-el-parque-nacional-del-teide-en-tu-furgoneta-camperizada\/#primaryimage"},"image":{"@id":"https:\/\/caravanlifetenerife.com\/explora-a-fondo-el-parque-nacional-del-teide-en-tu-furgoneta-camperizada\/#primaryimage"},"thumbnailUrl":"https:\/\/caravanlifetenerife.com\/wp-content\/uploads\/2023\/09\/parque-nacional-del-teide-en-caravana.jpg","datePublished":"2023-09-02T08:00:53+00:00","dateModified":"2023-09-06T11:47:15+00:00","breadcrumb":{"@id":"https:\/\/caravanlifetenerife.com\/explora-a-fondo-el-parque-nacional-del-teide-en-tu-furgoneta-camperizada\/#breadcrumb"},"inLanguage":"fr-FR","potentialAction":[{"@type":"ReadAction","target":["https:\/\/caravanlifetenerife.com\/explora-a-fondo-el-parque-nacional-del-teide-en-tu-furgoneta-camperizada\/"]}]},{"@type":"ImageObject","inLanguage":"fr-FR","@id":"https:\/\/caravanlifetenerife.com\/explora-a-fondo-el-parque-nacional-del-teide-en-tu-furgoneta-camperizada\/#primaryimage","url":"https:\/\/caravanlifetenerife.com\/wp-content\/uploads\/2023\/09\/parque-nacional-del-teide-en-caravana.jpg","contentUrl":"https:\/\/caravanlifetenerife.com\/wp-content\/uploads\/2023\/09\/parque-nacional-del-teide-en-caravana.jpg","width":1240,"height":600,"caption":"Parque Nacional del Teide en caravana"},{"@type":"BreadcrumbList","@id":"https:\/\/caravanlifetenerife.com\/explora-a-fondo-el-parque-nacional-del-teide-en-tu-furgoneta-camperizada\/#breadcrumb","itemListElement":[{"@type":"ListItem","position":1,"name":"Home","item":"https:\/\/caravanlifetenerife.com\/"},{"@type":"ListItem","position":2,"name":"Explora a fondo el Parque Nacional del Teide en tu furgoneta camperizada"}]},{"@type":"WebSite","@id":"https:\/\/caravanlifetenerife.com\/#website","url":"https:\/\/caravanlifetenerife.com\/","name":"Caravanlife, location de caravanes \u00e0 Tenerife","description":"Nous offrons le service de location d'un camping-car sur l'\u00eele de T\u00e9n\u00e9rife.","publisher":{"@id":"https:\/\/caravanlifetenerife.com\/#\/schema\/person\/a771135ddfbd2b90754dacfb0600364c"},"alternateName":"Caravanlife, alquiler de furgoneta camper en Tenerife","potentialAction":[{"@type":"SearchAction","target":{"@type":"EntryPoint","urlTemplate":"https:\/\/caravanlifetenerife.com\/?s={search_term_string}"},"query-input":{"@type":"PropertyValueSpecification","valueRequired":true,"valueName":"search_term_string"}}],"inLanguage":"fr-FR"},{"@type":["Person","Organization"],"@id":"https:\/\/caravanlifetenerife.com\/#\/schema\/person\/a771135ddfbd2b90754dacfb0600364c","name":"Caravanlife","image":{"@type":"ImageObject","inLanguage":"fr-FR","@id":"https:\/\/caravanlifetenerife.com\/wp-content\/uploads\/2023\/08\/logo-caravanlife-tenerife-ok.png","url":"https:\/\/caravanlifetenerife.com\/wp-content\/uploads\/2023\/08\/logo-caravanlife-tenerife-ok.png","contentUrl":"https:\/\/caravanlifetenerife.com\/wp-content\/uploads\/2023\/08\/logo-caravanlife-tenerife-ok.png","width":160,"height":160,"caption":"Caravanlife"},"logo":{"@id":"https:\/\/caravanlifetenerife.com\/wp-content\/uploads\/2023\/08\/logo-caravanlife-tenerife-ok.png"},"sameAs":["http:\/\/caravanlifetenerife.com"],"url":"https:\/\/caravanlifetenerife.com\/fr\/author\/caravanlife\/"}]}},"_links":{"self":[{"href":"https:\/\/caravanlifetenerife.com\/fr\/wp-json\/wp\/v2\/posts\/271","targetHints":{"allow":["GET"]}}],"collection":[{"href":"https:\/\/caravanlifetenerife.com\/fr\/wp-json\/wp\/v2\/posts"}],"about":[{"href":"https:\/\/caravanlifetenerife.com\/fr\/wp-json\/wp\/v2\/types\/post"}],"author":[{"embeddable":true,"href":"https:\/\/caravanlifetenerife.com\/fr\/wp-json\/wp\/v2\/users\/1"}],"replies":[{"embeddable":true,"href":"https:\/\/caravanlifetenerife.com\/fr\/wp-json\/wp\/v2\/comments?post=271"}],"version-history":[{"count":18,"href":"https:\/\/caravanlifetenerife.com\/fr\/wp-json\/wp\/v2\/posts\/271\/revisions"}],"predecessor-version":[{"id":680,"href":"https:\/\/caravanlifetenerife.com\/fr\/wp-json\/wp\/v2\/posts\/271\/revisions\/680"}],"wp:featuredmedia":[{"embeddable":true,"href":"https:\/\/caravanlifetenerife.com\/fr\/wp-json\/wp\/v2\/media\/273"}],"wp:attachment":[{"href":"https:\/\/caravanlifetenerife.com\/fr\/wp-json\/wp\/v2\/media?parent=271"}],"wp:term":[{"taxonomy":"category","embeddable":true,"href":"https:\/\/caravanlifetenerife.com\/fr\/wp-json\/wp\/v2\/categories?post=271"},{"taxonomy":"post_tag","embeddable":true,"href":"https:\/\/caravanlifetenerife.com\/fr\/wp-json\/wp\/v2\/tags?post=271"}],"curies":[{"name":"wp","href":"https:\/\/api.w.org\/{rel}","templated":true}]}}